{"id":516,"date":"2026-02-02T11:14:17","date_gmt":"2026-02-02T14:14:17","guid":{"rendered":"https:\/\/victoriadigital.uno\/index.php\/2026\/02\/02\/apostoles-un-hombre-fue-herido-con-un-arma-blanca-y-detuvieron-a-su-ex-pareja\/"},"modified":"2026-02-02T11:14:17","modified_gmt":"2026-02-02T14:14:17","slug":"apostoles-un-hombre-fue-herido-con-un-arma-blanca-y-detuvieron-a-su-ex-pareja","status":"publish","type":"post","link":"https:\/\/victoriadigital.uno\/index.php\/2026\/02\/02\/apostoles-un-hombre-fue-herido-con-un-arma-blanca-y-detuvieron-a-su-ex-pareja\/","title":{"rendered":"Ap\u00f3stoles: un hombre fue herido con un arma blanca y detuvieron a su ex pareja"},"content":{"rendered":"<div>\n<div>\n<p><strong><a href=\"https:\/\/agenciamisiones.uno\/\">AGENCIA MISIONES.UNO<\/a> | Un hombre de 30 a\u00f1os result\u00f3 herido con un arma blanca en Ap\u00f3stoles y debi\u00f3 ser hospitalizado, mientras que su ex pareja, una joven de 21 a\u00f1os, fue aprehendida y qued\u00f3 a disposici\u00f3n de la Justicia.<\/strong><\/p>\n<hr>\n<p>El hecho ocurri\u00f3 cerca de las 20 horas, cuando un llamado al 911 alert\u00f3 sobre una persona herida en una vivienda del barrio Timb\u00f3 Viejo. Al llegar al lugar, efectivos de la Comisar\u00eda Primera de la Unidad Regional VII encontraron a Lucas S., de 30 a\u00f1os, tendido en el suelo con heridas punzocortantes en la espalda, por lo que fue trasladado de urgencia en ambulancia al hospital local.<\/p>\n<p>Seg\u00fan el diagn\u00f3stico del m\u00e9dico de guardia, la v\u00edctima presentaba m\u00faltiples heridas punzocortantes en la regi\u00f3n escapular y dorsal, por lo que debi\u00f3 recibir suturas y qued\u00f3 internado bajo observaci\u00f3n para evaluar su evoluci\u00f3n.<\/p>\n<p>De acuerdo con las primeras averiguaciones realizadas por la Divisi\u00f3n Investigaciones, Ivana A., de 21 a\u00f1os, ex pareja del hombre y domiciliada en el lugar del hecho, estar\u00eda vinculada al ataque, motivo por el cual fue aprehendida. Durante la madrugada, y por disposici\u00f3n judicial, se realiz\u00f3 un allanamiento en la vivienda, donde se secuestr\u00f3 un cuchillo de aproximadamente 21 cent\u00edmetros de largo, presuntamente utilizado en el episodio.<\/p>\n<p>Asimismo, se tomaron declaraciones a vecinos que habr\u00edan escuchado el altercado. Por orden del magistrado interviniente, la mujer permanece detenida en averiguaci\u00f3n del hecho, mientras contin\u00faan las investigaciones para esclarecer lo ocurrido.<\/p>\n<p><img fetchpriority=\"high\" decoding=\"async\" class=\"aligncenter size-full wp-image-12311\" src=\"https:\/\/victoriadigital.uno\/wp-content\/uploads\/2026\/02\/MASTER-FOTOS-EX.jpg\" alt=\"\" width=\"640\" height=\"853\" srcset=\"https:\/\/misiones.uno\/wp-content\/uploads\/2026\/02\/MASTER-FOTOS-EX-200x267.jpg 200w, https:\/\/misiones.uno\/wp-content\/uploads\/2026\/02\/MASTER-FOTOS-EX-225x300.jpg 225w, https:\/\/misiones.uno\/wp-content\/uploads\/2026\/02\/MASTER-FOTOS-EX-400x533.jpg 400w, https:\/\/misiones.uno\/wp-content\/uploads\/2026\/02\/MASTER-FOTOS-EX-600x800.jpg 600w, https:\/\/misiones.uno\/wp-content\/uploads\/2026\/02\/MASTER-FOTOS-EX.jpg 640w\" sizes=\"(max-width: 640px) 100vw, 640px\"><\/p>\n<p><img decoding=\"async\" class=\"aligncenter size-full wp-image-3712\" src=\"https:\/\/victoriadigital.uno\/wp-content\/uploads\/2026\/02\/policia2-9.jpg\" sizes=\"(max-width: 640px) 100vw, 640px\" srcset=\"https:\/\/agenciamisiones.uno\/wp-content\/uploads\/2026\/02\/policia2-9-200x267.jpg 200w, https:\/\/agenciamisiones.uno\/wp-content\/uploads\/2026\/02\/policia2-9-225x300.jpg 225w, https:\/\/agenciamisiones.uno\/wp-content\/uploads\/2026\/02\/policia2-9-400x533.jpg 400w, https:\/\/agenciamisiones.uno\/wp-content\/uploads\/2026\/02\/policia2-9-600x800.jpg 600w, https:\/\/victoriadigital.uno\/wp-content\/uploads\/2026\/02\/policia2-9.jpg 640w\" alt=\"\" width=\"640\" height=\"853\"> <img decoding=\"async\" class=\"aligncenter size-full wp-image-3713\" src=\"https:\/\/victoriadigital.uno\/wp-content\/uploads\/2026\/02\/policia1-9.jpg\" sizes=\"(max-width: 640px) 100vw, 640px\" srcset=\"https:\/\/agenciamisiones.uno\/wp-content\/uploads\/2026\/02\/policia1-9-200x267.jpg 200w, https:\/\/agenciamisiones.uno\/wp-content\/uploads\/2026\/02\/policia1-9-225x300.jpg 225w, https:\/\/agenciamisiones.uno\/wp-content\/uploads\/2026\/02\/policia1-9-400x533.jpg 400w, https:\/\/agenciamisiones.uno\/wp-content\/uploads\/2026\/02\/policia1-9-600x800.jpg 600w, https:\/\/victoriadigital.uno\/wp-content\/uploads\/2026\/02\/policia1-9.jpg 640w\" alt=\"\" width=\"640\" height=\"853\"><\/p>\n<p>Fuente: <a href=\"https:\/\/agenciamisiones.uno\/\">AM \u2013 Agencia Misiones<\/a>.<br \/>\n<a href=\"https:\/\/agenciamisiones.uno\/apostoles-un-hombre-fue-herido-con-un-arma-blanca-y-detuvieron-a-su-ex-pareja\/\">Ap\u00f3stoles: un hombre fue herido con un arma blanca y detuvieron a su ex pareja<\/a><\/p>\n<\/div>\n<\/div>\n","protected":false},"excerpt":{"rendered":"<p>AGENCIA MISIONES.UNO | Un hombre de 30 a\u00f1os result\u00f3 herido  [&#8230;]<\/p>\n","protected":false},"author":1,"featured_media":517,"comment_status":"closed","ping_status":"closed","sticky":false,"template":"","format":"standard","meta":{"fifu_image_url":"","fifu_image_alt":"","footnotes":""},"categories":[4,6,14,15,83],"tags":[],"class_list":["post-516","post","type-post","status-publish","format-standard","has-post-thumbnail","hentry","category-apostoles","category-misiones-uno","category-policia-de-misiones","category-policiales","category-polimisiones-uno"],"acf":[],"yoast_head":"<!-- This site is optimized with the Yoast SEO plugin v26.8 - https:\/\/yoast.com\/product\/yoast-seo-wordpress\/ -->\n<title>Ap\u00f3stoles: un hombre fue herido con un arma blanca y detuvieron a su ex pareja - Victoria Digital .UNO - Red Misiones.uno<\/title>\n<meta name=\"robots\" content=\"index, follow, max-snippet:-1, max-image-preview:large, max-video-preview:-1\" \/>\n<link rel=\"canonical\" href=\"https:\/\/victoriadigital.uno\/index.php\/2026\/02\/02\/apostoles-un-hombre-fue-herido-con-un-arma-blanca-y-detuvieron-a-su-ex-pareja\/\" \/>\n<meta property=\"og:locale\" content=\"es_ES\" \/>\n<meta property=\"og:type\" content=\"article\" \/>\n<meta property=\"og:title\" content=\"Ap\u00f3stoles: un hombre fue herido con un arma blanca y detuvieron a su ex pareja - Victoria Digital .UNO - Red Misiones.uno\" \/>\n<meta property=\"og:description\" content=\"AGENCIA MISIONES.UNO | Un hombre de 30 a\u00f1os result\u00f3 herido [...]\" \/>\n<meta property=\"og:url\" content=\"https:\/\/victoriadigital.uno\/index.php\/2026\/02\/02\/apostoles-un-hombre-fue-herido-con-un-arma-blanca-y-detuvieron-a-su-ex-pareja\/\" \/>\n<meta property=\"og:site_name\" content=\"Victoria Digital .UNO - Red Misiones.uno\" \/>\n<meta property=\"article:published_time\" content=\"2026-02-02T14:14:17+00:00\" \/>\n<meta name=\"author\" content=\"admin\" \/>\n<meta name=\"twitter:card\" content=\"summary_large_image\" \/>\n<meta name=\"twitter:label1\" content=\"Escrito por\" \/>\n\t<meta name=\"twitter:data1\" content=\"admin\" \/>\n\t<meta name=\"twitter:label2\" content=\"Tiempo de lectura\" \/>\n\t<meta name=\"twitter:data2\" content=\"1 minuto\" \/>\n<script type=\"application\/ld+json\" class=\"yoast-schema-graph\">{\"@context\":\"https:\/\/schema.org\",\"@graph\":[{\"@type\":\"Article\",\"@id\":\"https:\/\/victoriadigital.uno\/index.php\/2026\/02\/02\/apostoles-un-hombre-fue-herido-con-un-arma-blanca-y-detuvieron-a-su-ex-pareja\/#article\",\"isPartOf\":{\"@id\":\"https:\/\/victoriadigital.uno\/index.php\/2026\/02\/02\/apostoles-un-hombre-fue-herido-con-un-arma-blanca-y-detuvieron-a-su-ex-pareja\/\"},\"author\":{\"name\":\"admin\",\"@id\":\"https:\/\/victoriadigital.uno\/#\/schema\/person\/d6f5e2e68059c21e9cd56088d3356664\"},\"headline\":\"Ap\u00f3stoles: un hombre fue herido con un arma blanca y detuvieron a su ex pareja\",\"datePublished\":\"2026-02-02T14:14:17+00:00\",\"mainEntityOfPage\":{\"@id\":\"https:\/\/victoriadigital.uno\/index.php\/2026\/02\/02\/apostoles-un-hombre-fue-herido-con-un-arma-blanca-y-detuvieron-a-su-ex-pareja\/\"},\"wordCount\":291,\"image\":{\"@id\":\"https:\/\/victoriadigital.uno\/index.php\/2026\/02\/02\/apostoles-un-hombre-fue-herido-con-un-arma-blanca-y-detuvieron-a-su-ex-pareja\/#primaryimage\"},\"thumbnailUrl\":\"https:\/\/victoriadigital.uno\/wp-content\/uploads\/2026\/02\/MASTER-FOTOS-EX.jpg\",\"articleSection\":[\"Ap\u00f3stoles\",\"MISIONES.UNO\",\"Polic\u00eda de Misiones\",\"Policiales\",\"POLIMISIONES.UNO\"],\"inLanguage\":\"es-AR\"},{\"@type\":\"WebPage\",\"@id\":\"https:\/\/victoriadigital.uno\/index.php\/2026\/02\/02\/apostoles-un-hombre-fue-herido-con-un-arma-blanca-y-detuvieron-a-su-ex-pareja\/\",\"url\":\"https:\/\/victoriadigital.uno\/index.php\/2026\/02\/02\/apostoles-un-hombre-fue-herido-con-un-arma-blanca-y-detuvieron-a-su-ex-pareja\/\",\"name\":\"Ap\u00f3stoles: un hombre fue herido con un arma blanca y detuvieron a su ex pareja - Victoria Digital .UNO - Red Misiones.uno\",\"isPartOf\":{\"@id\":\"https:\/\/victoriadigital.uno\/#website\"},\"primaryImageOfPage\":{\"@id\":\"https:\/\/victoriadigital.uno\/index.php\/2026\/02\/02\/apostoles-un-hombre-fue-herido-con-un-arma-blanca-y-detuvieron-a-su-ex-pareja\/#primaryimage\"},\"image\":{\"@id\":\"https:\/\/victoriadigital.uno\/index.php\/2026\/02\/02\/apostoles-un-hombre-fue-herido-con-un-arma-blanca-y-detuvieron-a-su-ex-pareja\/#primaryimage\"},\"thumbnailUrl\":\"https:\/\/victoriadigital.uno\/wp-content\/uploads\/2026\/02\/MASTER-FOTOS-EX.jpg\",\"datePublished\":\"2026-02-02T14:14:17+00:00\",\"author\":{\"@id\":\"https:\/\/victoriadigital.uno\/#\/schema\/person\/d6f5e2e68059c21e9cd56088d3356664\"},\"breadcrumb\":{\"@id\":\"https:\/\/victoriadigital.uno\/index.php\/2026\/02\/02\/apostoles-un-hombre-fue-herido-con-un-arma-blanca-y-detuvieron-a-su-ex-pareja\/#breadcrumb\"},\"inLanguage\":\"es-AR\",\"potentialAction\":[{\"@type\":\"ReadAction\",\"target\":[\"https:\/\/victoriadigital.uno\/index.php\/2026\/02\/02\/apostoles-un-hombre-fue-herido-con-un-arma-blanca-y-detuvieron-a-su-ex-pareja\/\"]}]},{\"@type\":\"ImageObject\",\"inLanguage\":\"es-AR\",\"@id\":\"https:\/\/victoriadigital.uno\/index.php\/2026\/02\/02\/apostoles-un-hombre-fue-herido-con-un-arma-blanca-y-detuvieron-a-su-ex-pareja\/#primaryimage\",\"url\":\"https:\/\/victoriadigital.uno\/wp-content\/uploads\/2026\/02\/MASTER-FOTOS-EX.jpg\",\"contentUrl\":\"https:\/\/victoriadigital.uno\/wp-content\/uploads\/2026\/02\/MASTER-FOTOS-EX.jpg\",\"width\":640,\"height\":853},{\"@type\":\"BreadcrumbList\",\"@id\":\"https:\/\/victoriadigital.uno\/index.php\/2026\/02\/02\/apostoles-un-hombre-fue-herido-con-un-arma-blanca-y-detuvieron-a-su-ex-pareja\/#breadcrumb\",\"itemListElement\":[{\"@type\":\"ListItem\",\"position\":1,\"name\":\"Inicio\",\"item\":\"https:\/\/victoriadigital.uno\/\"},{\"@type\":\"ListItem\",\"position\":2,\"name\":\"Ap\u00f3stoles: un hombre fue herido con un arma blanca y detuvieron a su ex pareja\"}]},{\"@type\":\"WebSite\",\"@id\":\"https:\/\/victoriadigital.uno\/#website\",\"url\":\"https:\/\/victoriadigital.uno\/\",\"name\":\"Victoria Digital .UNO - Red Misiones.uno\",\"description\":\"Noticias de Colonia Victoria\",\"potentialAction\":[{\"@type\":\"SearchAction\",\"target\":{\"@type\":\"EntryPoint\",\"urlTemplate\":\"https:\/\/victoriadigital.uno\/?s={search_term_string}\"},\"query-input\":{\"@type\":\"PropertyValueSpecification\",\"valueRequired\":true,\"valueName\":\"search_term_string\"}}],\"inLanguage\":\"es-AR\"},{\"@type\":\"Person\",\"@id\":\"https:\/\/victoriadigital.uno\/#\/schema\/person\/d6f5e2e68059c21e9cd56088d3356664\",\"name\":\"admin\",\"image\":{\"@type\":\"ImageObject\",\"inLanguage\":\"es-AR\",\"@id\":\"https:\/\/victoriadigital.uno\/#\/schema\/person\/image\/\",\"url\":\"https:\/\/secure.gravatar.com\/avatar\/988cc68d97727f2265e15e4e04f35d45d93f5493d81192c37b6fcdf6407dba8c?s=96&d=mm&r=g\",\"contentUrl\":\"https:\/\/secure.gravatar.com\/avatar\/988cc68d97727f2265e15e4e04f35d45d93f5493d81192c37b6fcdf6407dba8c?s=96&d=mm&r=g\",\"caption\":\"admin\"},\"sameAs\":[\"http:\/\/victoriadigital.uno\"],\"url\":\"https:\/\/victoriadigital.uno\/index.php\/author\/admin\/\"}]}<\/script>\n<!-- \/ Yoast SEO plugin. -->","yoast_head_json":{"title":"Ap\u00f3stoles: un hombre fue herido con un arma blanca y detuvieron a su ex pareja - Victoria Digital .UNO - Red Misiones.uno","robots":{"index":"index","follow":"follow","max-snippet":"max-snippet:-1","max-image-preview":"max-image-preview:large","max-video-preview":"max-video-preview:-1"},"canonical":"https:\/\/victoriadigital.uno\/index.php\/2026\/02\/02\/apostoles-un-hombre-fue-herido-con-un-arma-blanca-y-detuvieron-a-su-ex-pareja\/","og_locale":"es_ES","og_type":"article","og_title":"Ap\u00f3stoles: un hombre fue herido con un arma blanca y detuvieron a su ex pareja - Victoria Digital .UNO - Red Misiones.uno","og_description":"AGENCIA MISIONES.UNO | Un hombre de 30 a\u00f1os result\u00f3 herido [...]","og_url":"https:\/\/victoriadigital.uno\/index.php\/2026\/02\/02\/apostoles-un-hombre-fue-herido-con-un-arma-blanca-y-detuvieron-a-su-ex-pareja\/","og_site_name":"Victoria Digital .UNO - Red Misiones.uno","article_published_time":"2026-02-02T14:14:17+00:00","author":"admin","twitter_card":"summary_large_image","twitter_misc":{"Escrito por":"admin","Tiempo de lectura":"1 minuto"},"schema":{"@context":"https:\/\/schema.org","@graph":[{"@type":"Article","@id":"https:\/\/victoriadigital.uno\/index.php\/2026\/02\/02\/apostoles-un-hombre-fue-herido-con-un-arma-blanca-y-detuvieron-a-su-ex-pareja\/#article","isPartOf":{"@id":"https:\/\/victoriadigital.uno\/index.php\/2026\/02\/02\/apostoles-un-hombre-fue-herido-con-un-arma-blanca-y-detuvieron-a-su-ex-pareja\/"},"author":{"name":"admin","@id":"https:\/\/victoriadigital.uno\/#\/schema\/person\/d6f5e2e68059c21e9cd56088d3356664"},"headline":"Ap\u00f3stoles: un hombre fue herido con un arma blanca y detuvieron a su ex pareja","datePublished":"2026-02-02T14:14:17+00:00","mainEntityOfPage":{"@id":"https:\/\/victoriadigital.uno\/index.php\/2026\/02\/02\/apostoles-un-hombre-fue-herido-con-un-arma-blanca-y-detuvieron-a-su-ex-pareja\/"},"wordCount":291,"image":{"@id":"https:\/\/victoriadigital.uno\/index.php\/2026\/02\/02\/apostoles-un-hombre-fue-herido-con-un-arma-blanca-y-detuvieron-a-su-ex-pareja\/#primaryimage"},"thumbnailUrl":"https:\/\/victoriadigital.uno\/wp-content\/uploads\/2026\/02\/MASTER-FOTOS-EX.jpg","articleSection":["Ap\u00f3stoles","MISIONES.UNO","Polic\u00eda de Misiones","Policiales","POLIMISIONES.UNO"],"inLanguage":"es-AR"},{"@type":"WebPage","@id":"https:\/\/victoriadigital.uno\/index.php\/2026\/02\/02\/apostoles-un-hombre-fue-herido-con-un-arma-blanca-y-detuvieron-a-su-ex-pareja\/","url":"https:\/\/victoriadigital.uno\/index.php\/2026\/02\/02\/apostoles-un-hombre-fue-herido-con-un-arma-blanca-y-detuvieron-a-su-ex-pareja\/","name":"Ap\u00f3stoles: un hombre fue herido con un arma blanca y detuvieron a su ex pareja - Victoria Digital .UNO - Red Misiones.uno","isPartOf":{"@id":"https:\/\/victoriadigital.uno\/#website"},"primaryImageOfPage":{"@id":"https:\/\/victoriadigital.uno\/index.php\/2026\/02\/02\/apostoles-un-hombre-fue-herido-con-un-arma-blanca-y-detuvieron-a-su-ex-pareja\/#primaryimage"},"image":{"@id":"https:\/\/victoriadigital.uno\/index.php\/2026\/02\/02\/apostoles-un-hombre-fue-herido-con-un-arma-blanca-y-detuvieron-a-su-ex-pareja\/#primaryimage"},"thumbnailUrl":"https:\/\/victoriadigital.uno\/wp-content\/uploads\/2026\/02\/MASTER-FOTOS-EX.jpg","datePublished":"2026-02-02T14:14:17+00:00","author":{"@id":"https:\/\/victoriadigital.uno\/#\/schema\/person\/d6f5e2e68059c21e9cd56088d3356664"},"breadcrumb":{"@id":"https:\/\/victoriadigital.uno\/index.php\/2026\/02\/02\/apostoles-un-hombre-fue-herido-con-un-arma-blanca-y-detuvieron-a-su-ex-pareja\/#breadcrumb"},"inLanguage":"es-AR","potentialAction":[{"@type":"ReadAction","target":["https:\/\/victoriadigital.uno\/index.php\/2026\/02\/02\/apostoles-un-hombre-fue-herido-con-un-arma-blanca-y-detuvieron-a-su-ex-pareja\/"]}]},{"@type":"ImageObject","inLanguage":"es-AR","@id":"https:\/\/victoriadigital.uno\/index.php\/2026\/02\/02\/apostoles-un-hombre-fue-herido-con-un-arma-blanca-y-detuvieron-a-su-ex-pareja\/#primaryimage","url":"https:\/\/victoriadigital.uno\/wp-content\/uploads\/2026\/02\/MASTER-FOTOS-EX.jpg","contentUrl":"https:\/\/victoriadigital.uno\/wp-content\/uploads\/2026\/02\/MASTER-FOTOS-EX.jpg","width":640,"height":853},{"@type":"BreadcrumbList","@id":"https:\/\/victoriadigital.uno\/index.php\/2026\/02\/02\/apostoles-un-hombre-fue-herido-con-un-arma-blanca-y-detuvieron-a-su-ex-pareja\/#breadcrumb","itemListElement":[{"@type":"ListItem","position":1,"name":"Inicio","item":"https:\/\/victoriadigital.uno\/"},{"@type":"ListItem","position":2,"name":"Ap\u00f3stoles: un hombre fue herido con un arma blanca y detuvieron a su ex pareja"}]},{"@type":"WebSite","@id":"https:\/\/victoriadigital.uno\/#website","url":"https:\/\/victoriadigital.uno\/","name":"Victoria Digital .UNO - Red Misiones.uno","description":"Noticias de Colonia Victoria","potentialAction":[{"@type":"SearchAction","target":{"@type":"EntryPoint","urlTemplate":"https:\/\/victoriadigital.uno\/?s={search_term_string}"},"query-input":{"@type":"PropertyValueSpecification","valueRequired":true,"valueName":"search_term_string"}}],"inLanguage":"es-AR"},{"@type":"Person","@id":"https:\/\/victoriadigital.uno\/#\/schema\/person\/d6f5e2e68059c21e9cd56088d3356664","name":"admin","image":{"@type":"ImageObject","inLanguage":"es-AR","@id":"https:\/\/victoriadigital.uno\/#\/schema\/person\/image\/","url":"https:\/\/secure.gravatar.com\/avatar\/988cc68d97727f2265e15e4e04f35d45d93f5493d81192c37b6fcdf6407dba8c?s=96&d=mm&r=g","contentUrl":"https:\/\/secure.gravatar.com\/avatar\/988cc68d97727f2265e15e4e04f35d45d93f5493d81192c37b6fcdf6407dba8c?s=96&d=mm&r=g","caption":"admin"},"sameAs":["http:\/\/victoriadigital.uno"],"url":"https:\/\/victoriadigital.uno\/index.php\/author\/admin\/"}]}},"_links":{"self":[{"href":"https:\/\/victoriadigital.uno\/index.php\/wp-json\/wp\/v2\/posts\/516","targetHints":{"allow":["GET"]}}],"collection":[{"href":"https:\/\/victoriadigital.uno\/index.php\/wp-json\/wp\/v2\/posts"}],"about":[{"href":"https:\/\/victoriadigital.uno\/index.php\/wp-json\/wp\/v2\/types\/post"}],"author":[{"embeddable":true,"href":"https:\/\/victoriadigital.uno\/index.php\/wp-json\/wp\/v2\/users\/1"}],"replies":[{"embeddable":true,"href":"https:\/\/victoriadigital.uno\/index.php\/wp-json\/wp\/v2\/comments?post=516"}],"version-history":[{"count":0,"href":"https:\/\/victoriadigital.uno\/index.php\/wp-json\/wp\/v2\/posts\/516\/revisions"}],"wp:featuredmedia":[{"embeddable":true,"href":"https:\/\/victoriadigital.uno\/index.php\/wp-json\/wp\/v2\/media\/517"}],"wp:attachment":[{"href":"https:\/\/victoriadigital.uno\/index.php\/wp-json\/wp\/v2\/media?parent=516"}],"wp:term":[{"taxonomy":"category","embeddable":true,"href":"https:\/\/victoriadigital.uno\/index.php\/wp-json\/wp\/v2\/categories?post=516"},{"taxonomy":"post_tag","embeddable":true,"href":"https:\/\/victoriadigital.uno\/index.php\/wp-json\/wp\/v2\/tags?post=516"}],"curies":[{"name":"wp","href":"https:\/\/api.w.org\/{rel}","templated":true}]}}