{"id":503,"date":"2026-02-02T09:22:24","date_gmt":"2026-02-02T12:22:24","guid":{"rendered":"https:\/\/victoriadigital.uno\/index.php\/2026\/02\/02\/el-hogar-de-dia-de-iguazu-inicio-el-proyecto-acompanar-para-sanar-en-el-hospital-samic\/"},"modified":"2026-02-02T09:22:24","modified_gmt":"2026-02-02T12:22:24","slug":"el-hogar-de-dia-de-iguazu-inicio-el-proyecto-acompanar-para-sanar-en-el-hospital-samic","status":"publish","type":"post","link":"https:\/\/victoriadigital.uno\/index.php\/2026\/02\/02\/el-hogar-de-dia-de-iguazu-inicio-el-proyecto-acompanar-para-sanar-en-el-hospital-samic\/","title":{"rendered":"El Hogar de D\u00eda de Iguaz\u00fa inici\u00f3 el proyecto \u201cAcompa\u00f1ar para sanar\u201d en el Hospital SAMIC"},"content":{"rendered":"<div>\n<p><strong><a href=\"https:\/\/agenciamisiones.uno\/\">AGENCIA MISIONES.UNO<\/a> | Por primera vez, el Hogar de D\u00eda de Iguaz\u00fa puso en marcha el proyecto \u201cAcompa\u00f1ar para sanar\u201d con una visita institucional al \u00e1rea de internaci\u00f3n pedi\u00e1trica del Hospital SAMIC.<\/strong><\/p>\n<hr>\n<p>La actividad marc\u00f3 el inicio formal de este programa institucional, impulsado por el Hogar de D\u00eda de Iguaz\u00fa, que propone el desarrollo de acciones de arte terapia en el \u00e1rea de pediatr\u00eda. Durante la jornada, el equipo llev\u00f3 adelante actividades orientadas al acompa\u00f1amiento y la contenci\u00f3n emocional de ni\u00f1os y ni\u00f1as internados.<\/p>\n<p>La directora del Hogar de D\u00eda de Iguaz\u00fa, licenciada Natalia Ceballos, explic\u00f3 que el proyecto tiene como objetivo principal generar espacios de estimulaci\u00f3n creativa en el \u00e1mbito hospitalario. Se\u00f1al\u00f3 adem\u00e1s que esta experiencia fue impulsada por la profesora de arte del Hogar de D\u00eda, Yanina Paredes.<\/p>\n<p>El programa \u201cAcompa\u00f1ar para sanar\u201d busca reducir los niveles de ansiedad y estr\u00e9s hospitalario en pacientes pedi\u00e1tricos, brindando un entorno de acompa\u00f1amiento emocional durante su proceso de internaci\u00f3n.<\/p>\n<p><img decoding=\"async\" class=\"aligncenter size-full wp-image-12271\" src=\"https:\/\/victoriadigital.uno\/wp-content\/uploads\/2026\/02\/hogardedia.jpg\" alt=\"\" width=\"640\" height=\"853\" srcset=\"https:\/\/misiones.uno\/wp-content\/uploads\/2026\/02\/hogardedia-200x267.jpg 200w, https:\/\/misiones.uno\/wp-content\/uploads\/2026\/02\/hogardedia-225x300.jpg 225w, https:\/\/misiones.uno\/wp-content\/uploads\/2026\/02\/hogardedia-400x533.jpg 400w, https:\/\/misiones.uno\/wp-content\/uploads\/2026\/02\/hogardedia-600x800.jpg 600w, https:\/\/misiones.uno\/wp-content\/uploads\/2026\/02\/hogardedia.jpg 640w\" sizes=\"(max-width: 640px) 100vw, 640px\"><img decoding=\"async\" class=\"aligncenter size-full wp-image-3674\" src=\"https:\/\/victoriadigital.uno\/wp-content\/uploads\/2026\/02\/hogardedia6.jpg\" sizes=\"(max-width: 640px) 100vw, 640px\" srcset=\"https:\/\/agenciamisiones.uno\/wp-content\/uploads\/2026\/02\/hogardedia6-200x267.jpg 200w, https:\/\/agenciamisiones.uno\/wp-content\/uploads\/2026\/02\/hogardedia6-225x300.jpg 225w, https:\/\/agenciamisiones.uno\/wp-content\/uploads\/2026\/02\/hogardedia6-400x533.jpg 400w, https:\/\/agenciamisiones.uno\/wp-content\/uploads\/2026\/02\/hogardedia6-600x800.jpg 600w, https:\/\/victoriadigital.uno\/wp-content\/uploads\/2026\/02\/hogardedia6.jpg 640w\" alt=\"\" width=\"640\" height=\"853\"> <img decoding=\"async\" class=\"aligncenter size-full wp-image-3675\" src=\"https:\/\/victoriadigital.uno\/wp-content\/uploads\/2026\/02\/hogardedia5.jpg\" sizes=\"(max-width: 640px) 100vw, 640px\" srcset=\"https:\/\/agenciamisiones.uno\/wp-content\/uploads\/2026\/02\/hogardedia5-200x267.jpg 200w, https:\/\/agenciamisiones.uno\/wp-content\/uploads\/2026\/02\/hogardedia5-225x300.jpg 225w, https:\/\/agenciamisiones.uno\/wp-content\/uploads\/2026\/02\/hogardedia5-400x533.jpg 400w, https:\/\/agenciamisiones.uno\/wp-content\/uploads\/2026\/02\/hogardedia5-600x800.jpg 600w, https:\/\/victoriadigital.uno\/wp-content\/uploads\/2026\/02\/hogardedia5.jpg 640w\" alt=\"\" width=\"640\" height=\"853\"> <img decoding=\"async\" class=\"aligncenter size-full wp-image-3676\" src=\"https:\/\/victoriadigital.uno\/wp-content\/uploads\/2026\/02\/hogardedia4.jpg\" sizes=\"(max-width: 640px) 100vw, 640px\" srcset=\"https:\/\/agenciamisiones.uno\/wp-content\/uploads\/2026\/02\/hogardedia4-200x267.jpg 200w, https:\/\/agenciamisiones.uno\/wp-content\/uploads\/2026\/02\/hogardedia4-225x300.jpg 225w, https:\/\/agenciamisiones.uno\/wp-content\/uploads\/2026\/02\/hogardedia4-400x533.jpg 400w, https:\/\/agenciamisiones.uno\/wp-content\/uploads\/2026\/02\/hogardedia4-600x800.jpg 600w, https:\/\/victoriadigital.uno\/wp-content\/uploads\/2026\/02\/hogardedia4.jpg 640w\" alt=\"\" width=\"640\" height=\"853\"> <img decoding=\"async\" class=\"aligncenter size-full wp-image-3677\" src=\"https:\/\/victoriadigital.uno\/wp-content\/uploads\/2026\/02\/hogardedia3.jpg\" sizes=\"(max-width: 640px) 100vw, 640px\" srcset=\"https:\/\/agenciamisiones.uno\/wp-content\/uploads\/2026\/02\/hogardedia3-200x267.jpg 200w, https:\/\/agenciamisiones.uno\/wp-content\/uploads\/2026\/02\/hogardedia3-225x300.jpg 225w, https:\/\/agenciamisiones.uno\/wp-content\/uploads\/2026\/02\/hogardedia3-400x533.jpg 400w, https:\/\/agenciamisiones.uno\/wp-content\/uploads\/2026\/02\/hogardedia3-600x800.jpg 600w, https:\/\/victoriadigital.uno\/wp-content\/uploads\/2026\/02\/hogardedia3.jpg 640w\" alt=\"\" width=\"640\" height=\"853\"> <img decoding=\"async\" class=\"aligncenter size-full wp-image-3678\" src=\"https:\/\/victoriadigital.uno\/wp-content\/uploads\/2026\/02\/hogardedia2.jpg\" sizes=\"(max-width: 640px) 100vw, 640px\" srcset=\"https:\/\/agenciamisiones.uno\/wp-content\/uploads\/2026\/02\/hogardedia2-200x267.jpg 200w, https:\/\/agenciamisiones.uno\/wp-content\/uploads\/2026\/02\/hogardedia2-225x300.jpg 225w, https:\/\/agenciamisiones.uno\/wp-content\/uploads\/2026\/02\/hogardedia2-400x533.jpg 400w, https:\/\/agenciamisiones.uno\/wp-content\/uploads\/2026\/02\/hogardedia2-600x800.jpg 600w, https:\/\/victoriadigital.uno\/wp-content\/uploads\/2026\/02\/hogardedia2.jpg 640w\" alt=\"\" width=\"640\" height=\"853\"><\/p>\n<p>Fuente: <a href=\"https:\/\/agenciamisiones.uno\/\">AM \u2013 Agencia Misiones<\/a>.<br \/>\n<a href=\"https:\/\/agenciamisiones.uno\/el-hogar-de-dia-de-iguazu-inicio-el-proyecto-acompanar-para-sanar-en-el-hospital-samic\/\">El Hogar de D\u00eda de Iguaz\u00fa inici\u00f3 el proyecto \u201cAcompa\u00f1ar para sanar\u201d en el Hospital SAMIC<\/a><\/p>\n<\/div>\n","protected":false},"excerpt":{"rendered":"<p>AGENCIA MISIONES.UNO | Por primera vez, el Hogar de D\u00eda  [&#8230;]<\/p>\n","protected":false},"author":1,"featured_media":504,"comment_status":"closed","ping_status":"closed","sticky":false,"template":"","format":"standard","meta":{"fifu_image_url":"","fifu_image_alt":"","footnotes":""},"categories":[69,20,6,29,30,106],"tags":[],"class_list":["post-503","post","type-post","status-publish","format-standard","has-post-thumbnail","hentry","category-gobierno-de-misiones","category-iguazu","category-misiones-uno","category-misionessalud-uno","category-salud","category-sec-prevencion-de-adicciones"],"acf":[],"yoast_head":"<!-- This site is optimized with the Yoast SEO plugin v26.8 - https:\/\/yoast.com\/product\/yoast-seo-wordpress\/ -->\n<title>El Hogar de D\u00eda de Iguaz\u00fa inici\u00f3 el proyecto \u201cAcompa\u00f1ar para sanar\u201d en el Hospital SAMIC - Victoria Digital .UNO - Red Misiones.uno<\/title>\n<meta name=\"robots\" content=\"index, follow, max-snippet:-1, max-image-preview:large, max-video-preview:-1\" \/>\n<link rel=\"canonical\" href=\"https:\/\/victoriadigital.uno\/index.php\/2026\/02\/02\/el-hogar-de-dia-de-iguazu-inicio-el-proyecto-acompanar-para-sanar-en-el-hospital-samic\/\" \/>\n<meta property=\"og:locale\" content=\"es_ES\" \/>\n<meta property=\"og:type\" content=\"article\" \/>\n<meta property=\"og:title\" content=\"El Hogar de D\u00eda de Iguaz\u00fa inici\u00f3 el proyecto \u201cAcompa\u00f1ar para sanar\u201d en el Hospital SAMIC - Victoria Digital .UNO - Red Misiones.uno\" \/>\n<meta property=\"og:description\" content=\"AGENCIA MISIONES.UNO | Por primera vez, el Hogar de D\u00eda [...]\" \/>\n<meta property=\"og:url\" content=\"https:\/\/victoriadigital.uno\/index.php\/2026\/02\/02\/el-hogar-de-dia-de-iguazu-inicio-el-proyecto-acompanar-para-sanar-en-el-hospital-samic\/\" \/>\n<meta property=\"og:site_name\" content=\"Victoria Digital .UNO - Red Misiones.uno\" \/>\n<meta property=\"article:published_time\" content=\"2026-02-02T12:22:24+00:00\" \/>\n<meta name=\"author\" content=\"admin\" \/>\n<meta name=\"twitter:card\" content=\"summary_large_image\" \/>\n<meta name=\"twitter:label1\" content=\"Escrito por\" \/>\n\t<meta name=\"twitter:data1\" content=\"admin\" \/>\n\t<meta name=\"twitter:label2\" content=\"Tiempo de lectura\" \/>\n\t<meta name=\"twitter:data2\" content=\"1 minuto\" \/>\n<script type=\"application\/ld+json\" class=\"yoast-schema-graph\">{\"@context\":\"https:\/\/schema.org\",\"@graph\":[{\"@type\":\"Article\",\"@id\":\"https:\/\/victoriadigital.uno\/index.php\/2026\/02\/02\/el-hogar-de-dia-de-iguazu-inicio-el-proyecto-acompanar-para-sanar-en-el-hospital-samic\/#article\",\"isPartOf\":{\"@id\":\"https:\/\/victoriadigital.uno\/index.php\/2026\/02\/02\/el-hogar-de-dia-de-iguazu-inicio-el-proyecto-acompanar-para-sanar-en-el-hospital-samic\/\"},\"author\":{\"name\":\"admin\",\"@id\":\"https:\/\/victoriadigital.uno\/#\/schema\/person\/d6f5e2e68059c21e9cd56088d3356664\"},\"headline\":\"El Hogar de D\u00eda de Iguaz\u00fa inici\u00f3 el proyecto \u201cAcompa\u00f1ar para sanar\u201d en el Hospital SAMIC\",\"datePublished\":\"2026-02-02T12:22:24+00:00\",\"mainEntityOfPage\":{\"@id\":\"https:\/\/victoriadigital.uno\/index.php\/2026\/02\/02\/el-hogar-de-dia-de-iguazu-inicio-el-proyecto-acompanar-para-sanar-en-el-hospital-samic\/\"},\"wordCount\":218,\"image\":{\"@id\":\"https:\/\/victoriadigital.uno\/index.php\/2026\/02\/02\/el-hogar-de-dia-de-iguazu-inicio-el-proyecto-acompanar-para-sanar-en-el-hospital-samic\/#primaryimage\"},\"thumbnailUrl\":\"https:\/\/victoriadigital.uno\/wp-content\/uploads\/2026\/02\/hogardedia.jpg\",\"articleSection\":[\"Gobierno de Misiones\",\"Iguaz\u00fa\",\"MISIONES.UNO\",\"MISIONESSALUD.UNO\",\"Salud\",\"Sec. Prevenci\u00f3n de Adicciones\"],\"inLanguage\":\"es-AR\"},{\"@type\":\"WebPage\",\"@id\":\"https:\/\/victoriadigital.uno\/index.php\/2026\/02\/02\/el-hogar-de-dia-de-iguazu-inicio-el-proyecto-acompanar-para-sanar-en-el-hospital-samic\/\",\"url\":\"https:\/\/victoriadigital.uno\/index.php\/2026\/02\/02\/el-hogar-de-dia-de-iguazu-inicio-el-proyecto-acompanar-para-sanar-en-el-hospital-samic\/\",\"name\":\"El Hogar de D\u00eda de Iguaz\u00fa inici\u00f3 el proyecto \u201cAcompa\u00f1ar para sanar\u201d en el Hospital SAMIC - Victoria Digital .UNO - Red Misiones.uno\",\"isPartOf\":{\"@id\":\"https:\/\/victoriadigital.uno\/#website\"},\"primaryImageOfPage\":{\"@id\":\"https:\/\/victoriadigital.uno\/index.php\/2026\/02\/02\/el-hogar-de-dia-de-iguazu-inicio-el-proyecto-acompanar-para-sanar-en-el-hospital-samic\/#primaryimage\"},\"image\":{\"@id\":\"https:\/\/victoriadigital.uno\/index.php\/2026\/02\/02\/el-hogar-de-dia-de-iguazu-inicio-el-proyecto-acompanar-para-sanar-en-el-hospital-samic\/#primaryimage\"},\"thumbnailUrl\":\"https:\/\/victoriadigital.uno\/wp-content\/uploads\/2026\/02\/hogardedia.jpg\",\"datePublished\":\"2026-02-02T12:22:24+00:00\",\"author\":{\"@id\":\"https:\/\/victoriadigital.uno\/#\/schema\/person\/d6f5e2e68059c21e9cd56088d3356664\"},\"breadcrumb\":{\"@id\":\"https:\/\/victoriadigital.uno\/index.php\/2026\/02\/02\/el-hogar-de-dia-de-iguazu-inicio-el-proyecto-acompanar-para-sanar-en-el-hospital-samic\/#breadcrumb\"},\"inLanguage\":\"es-AR\",\"potentialAction\":[{\"@type\":\"ReadAction\",\"target\":[\"https:\/\/victoriadigital.uno\/index.php\/2026\/02\/02\/el-hogar-de-dia-de-iguazu-inicio-el-proyecto-acompanar-para-sanar-en-el-hospital-samic\/\"]}]},{\"@type\":\"ImageObject\",\"inLanguage\":\"es-AR\",\"@id\":\"https:\/\/victoriadigital.uno\/index.php\/2026\/02\/02\/el-hogar-de-dia-de-iguazu-inicio-el-proyecto-acompanar-para-sanar-en-el-hospital-samic\/#primaryimage\",\"url\":\"https:\/\/victoriadigital.uno\/wp-content\/uploads\/2026\/02\/hogardedia.jpg\",\"contentUrl\":\"https:\/\/victoriadigital.uno\/wp-content\/uploads\/2026\/02\/hogardedia.jpg\",\"width\":640,\"height\":853},{\"@type\":\"BreadcrumbList\",\"@id\":\"https:\/\/victoriadigital.uno\/index.php\/2026\/02\/02\/el-hogar-de-dia-de-iguazu-inicio-el-proyecto-acompanar-para-sanar-en-el-hospital-samic\/#breadcrumb\",\"itemListElement\":[{\"@type\":\"ListItem\",\"position\":1,\"name\":\"Inicio\",\"item\":\"https:\/\/victoriadigital.uno\/\"},{\"@type\":\"ListItem\",\"position\":2,\"name\":\"El Hogar de D\u00eda de Iguaz\u00fa inici\u00f3 el proyecto \u201cAcompa\u00f1ar para sanar\u201d en el Hospital SAMIC\"}]},{\"@type\":\"WebSite\",\"@id\":\"https:\/\/victoriadigital.uno\/#website\",\"url\":\"https:\/\/victoriadigital.uno\/\",\"name\":\"Victoria Digital .UNO - Red Misiones.uno\",\"description\":\"Noticias de Colonia Victoria\",\"potentialAction\":[{\"@type\":\"SearchAction\",\"target\":{\"@type\":\"EntryPoint\",\"urlTemplate\":\"https:\/\/victoriadigital.uno\/?s={search_term_string}\"},\"query-input\":{\"@type\":\"PropertyValueSpecification\",\"valueRequired\":true,\"valueName\":\"search_term_string\"}}],\"inLanguage\":\"es-AR\"},{\"@type\":\"Person\",\"@id\":\"https:\/\/victoriadigital.uno\/#\/schema\/person\/d6f5e2e68059c21e9cd56088d3356664\",\"name\":\"admin\",\"image\":{\"@type\":\"ImageObject\",\"inLanguage\":\"es-AR\",\"@id\":\"https:\/\/victoriadigital.uno\/#\/schema\/person\/image\/\",\"url\":\"https:\/\/secure.gravatar.com\/avatar\/988cc68d97727f2265e15e4e04f35d45d93f5493d81192c37b6fcdf6407dba8c?s=96&d=mm&r=g\",\"contentUrl\":\"https:\/\/secure.gravatar.com\/avatar\/988cc68d97727f2265e15e4e04f35d45d93f5493d81192c37b6fcdf6407dba8c?s=96&d=mm&r=g\",\"caption\":\"admin\"},\"sameAs\":[\"http:\/\/victoriadigital.uno\"],\"url\":\"https:\/\/victoriadigital.uno\/index.php\/author\/admin\/\"}]}<\/script>\n<!-- \/ Yoast SEO plugin. -->","yoast_head_json":{"title":"El Hogar de D\u00eda de Iguaz\u00fa inici\u00f3 el proyecto \u201cAcompa\u00f1ar para sanar\u201d en el Hospital SAMIC - Victoria Digital .UNO - Red Misiones.uno","robots":{"index":"index","follow":"follow","max-snippet":"max-snippet:-1","max-image-preview":"max-image-preview:large","max-video-preview":"max-video-preview:-1"},"canonical":"https:\/\/victoriadigital.uno\/index.php\/2026\/02\/02\/el-hogar-de-dia-de-iguazu-inicio-el-proyecto-acompanar-para-sanar-en-el-hospital-samic\/","og_locale":"es_ES","og_type":"article","og_title":"El Hogar de D\u00eda de Iguaz\u00fa inici\u00f3 el proyecto \u201cAcompa\u00f1ar para sanar\u201d en el Hospital SAMIC - Victoria Digital .UNO - Red Misiones.uno","og_description":"AGENCIA MISIONES.UNO | Por primera vez, el Hogar de D\u00eda [...]","og_url":"https:\/\/victoriadigital.uno\/index.php\/2026\/02\/02\/el-hogar-de-dia-de-iguazu-inicio-el-proyecto-acompanar-para-sanar-en-el-hospital-samic\/","og_site_name":"Victoria Digital .UNO - Red Misiones.uno","article_published_time":"2026-02-02T12:22:24+00:00","author":"admin","twitter_card":"summary_large_image","twitter_misc":{"Escrito por":"admin","Tiempo de lectura":"1 minuto"},"schema":{"@context":"https:\/\/schema.org","@graph":[{"@type":"Article","@id":"https:\/\/victoriadigital.uno\/index.php\/2026\/02\/02\/el-hogar-de-dia-de-iguazu-inicio-el-proyecto-acompanar-para-sanar-en-el-hospital-samic\/#article","isPartOf":{"@id":"https:\/\/victoriadigital.uno\/index.php\/2026\/02\/02\/el-hogar-de-dia-de-iguazu-inicio-el-proyecto-acompanar-para-sanar-en-el-hospital-samic\/"},"author":{"name":"admin","@id":"https:\/\/victoriadigital.uno\/#\/schema\/person\/d6f5e2e68059c21e9cd56088d3356664"},"headline":"El Hogar de D\u00eda de Iguaz\u00fa inici\u00f3 el proyecto \u201cAcompa\u00f1ar para sanar\u201d en el Hospital SAMIC","datePublished":"2026-02-02T12:22:24+00:00","mainEntityOfPage":{"@id":"https:\/\/victoriadigital.uno\/index.php\/2026\/02\/02\/el-hogar-de-dia-de-iguazu-inicio-el-proyecto-acompanar-para-sanar-en-el-hospital-samic\/"},"wordCount":218,"image":{"@id":"https:\/\/victoriadigital.uno\/index.php\/2026\/02\/02\/el-hogar-de-dia-de-iguazu-inicio-el-proyecto-acompanar-para-sanar-en-el-hospital-samic\/#primaryimage"},"thumbnailUrl":"https:\/\/victoriadigital.uno\/wp-content\/uploads\/2026\/02\/hogardedia.jpg","articleSection":["Gobierno de Misiones","Iguaz\u00fa","MISIONES.UNO","MISIONESSALUD.UNO","Salud","Sec. Prevenci\u00f3n de Adicciones"],"inLanguage":"es-AR"},{"@type":"WebPage","@id":"https:\/\/victoriadigital.uno\/index.php\/2026\/02\/02\/el-hogar-de-dia-de-iguazu-inicio-el-proyecto-acompanar-para-sanar-en-el-hospital-samic\/","url":"https:\/\/victoriadigital.uno\/index.php\/2026\/02\/02\/el-hogar-de-dia-de-iguazu-inicio-el-proyecto-acompanar-para-sanar-en-el-hospital-samic\/","name":"El Hogar de D\u00eda de Iguaz\u00fa inici\u00f3 el proyecto \u201cAcompa\u00f1ar para sanar\u201d en el Hospital SAMIC - Victoria Digital .UNO - Red Misiones.uno","isPartOf":{"@id":"https:\/\/victoriadigital.uno\/#website"},"primaryImageOfPage":{"@id":"https:\/\/victoriadigital.uno\/index.php\/2026\/02\/02\/el-hogar-de-dia-de-iguazu-inicio-el-proyecto-acompanar-para-sanar-en-el-hospital-samic\/#primaryimage"},"image":{"@id":"https:\/\/victoriadigital.uno\/index.php\/2026\/02\/02\/el-hogar-de-dia-de-iguazu-inicio-el-proyecto-acompanar-para-sanar-en-el-hospital-samic\/#primaryimage"},"thumbnailUrl":"https:\/\/victoriadigital.uno\/wp-content\/uploads\/2026\/02\/hogardedia.jpg","datePublished":"2026-02-02T12:22:24+00:00","author":{"@id":"https:\/\/victoriadigital.uno\/#\/schema\/person\/d6f5e2e68059c21e9cd56088d3356664"},"breadcrumb":{"@id":"https:\/\/victoriadigital.uno\/index.php\/2026\/02\/02\/el-hogar-de-dia-de-iguazu-inicio-el-proyecto-acompanar-para-sanar-en-el-hospital-samic\/#breadcrumb"},"inLanguage":"es-AR","potentialAction":[{"@type":"ReadAction","target":["https:\/\/victoriadigital.uno\/index.php\/2026\/02\/02\/el-hogar-de-dia-de-iguazu-inicio-el-proyecto-acompanar-para-sanar-en-el-hospital-samic\/"]}]},{"@type":"ImageObject","inLanguage":"es-AR","@id":"https:\/\/victoriadigital.uno\/index.php\/2026\/02\/02\/el-hogar-de-dia-de-iguazu-inicio-el-proyecto-acompanar-para-sanar-en-el-hospital-samic\/#primaryimage","url":"https:\/\/victoriadigital.uno\/wp-content\/uploads\/2026\/02\/hogardedia.jpg","contentUrl":"https:\/\/victoriadigital.uno\/wp-content\/uploads\/2026\/02\/hogardedia.jpg","width":640,"height":853},{"@type":"BreadcrumbList","@id":"https:\/\/victoriadigital.uno\/index.php\/2026\/02\/02\/el-hogar-de-dia-de-iguazu-inicio-el-proyecto-acompanar-para-sanar-en-el-hospital-samic\/#breadcrumb","itemListElement":[{"@type":"ListItem","position":1,"name":"Inicio","item":"https:\/\/victoriadigital.uno\/"},{"@type":"ListItem","position":2,"name":"El Hogar de D\u00eda de Iguaz\u00fa inici\u00f3 el proyecto \u201cAcompa\u00f1ar para sanar\u201d en el Hospital SAMIC"}]},{"@type":"WebSite","@id":"https:\/\/victoriadigital.uno\/#website","url":"https:\/\/victoriadigital.uno\/","name":"Victoria Digital .UNO - Red Misiones.uno","description":"Noticias de Colonia Victoria","potentialAction":[{"@type":"SearchAction","target":{"@type":"EntryPoint","urlTemplate":"https:\/\/victoriadigital.uno\/?s={search_term_string}"},"query-input":{"@type":"PropertyValueSpecification","valueRequired":true,"valueName":"search_term_string"}}],"inLanguage":"es-AR"},{"@type":"Person","@id":"https:\/\/victoriadigital.uno\/#\/schema\/person\/d6f5e2e68059c21e9cd56088d3356664","name":"admin","image":{"@type":"ImageObject","inLanguage":"es-AR","@id":"https:\/\/victoriadigital.uno\/#\/schema\/person\/image\/","url":"https:\/\/secure.gravatar.com\/avatar\/988cc68d97727f2265e15e4e04f35d45d93f5493d81192c37b6fcdf6407dba8c?s=96&d=mm&r=g","contentUrl":"https:\/\/secure.gravatar.com\/avatar\/988cc68d97727f2265e15e4e04f35d45d93f5493d81192c37b6fcdf6407dba8c?s=96&d=mm&r=g","caption":"admin"},"sameAs":["http:\/\/victoriadigital.uno"],"url":"https:\/\/victoriadigital.uno\/index.php\/author\/admin\/"}]}},"_links":{"self":[{"href":"https:\/\/victoriadigital.uno\/index.php\/wp-json\/wp\/v2\/posts\/503","targetHints":{"allow":["GET"]}}],"collection":[{"href":"https:\/\/victoriadigital.uno\/index.php\/wp-json\/wp\/v2\/posts"}],"about":[{"href":"https:\/\/victoriadigital.uno\/index.php\/wp-json\/wp\/v2\/types\/post"}],"author":[{"embeddable":true,"href":"https:\/\/victoriadigital.uno\/index.php\/wp-json\/wp\/v2\/users\/1"}],"replies":[{"embeddable":true,"href":"https:\/\/victoriadigital.uno\/index.php\/wp-json\/wp\/v2\/comments?post=503"}],"version-history":[{"count":0,"href":"https:\/\/victoriadigital.uno\/index.php\/wp-json\/wp\/v2\/posts\/503\/revisions"}],"wp:featuredmedia":[{"embeddable":true,"href":"https:\/\/victoriadigital.uno\/index.php\/wp-json\/wp\/v2\/media\/504"}],"wp:attachment":[{"href":"https:\/\/victoriadigital.uno\/index.php\/wp-json\/wp\/v2\/media?parent=503"}],"wp:term":[{"taxonomy":"category","embeddable":true,"href":"https:\/\/victoriadigital.uno\/index.php\/wp-json\/wp\/v2\/categories?post=503"},{"taxonomy":"post_tag","embeddable":true,"href":"https:\/\/victoriadigital.uno\/index.php\/wp-json\/wp\/v2\/tags?post=503"}],"curies":[{"name":"wp","href":"https:\/\/api.w.org\/{rel}","templated":true}]}}